{"id":1680,"date":"2025-12-19T11:55:39","date_gmt":"2025-12-19T11:55:39","guid":{"rendered":"https:\/\/ufilcuenca.es\/blog\/?p=1680"},"modified":"2025-12-19T11:55:42","modified_gmt":"2025-12-19T11:55:42","slug":"ufil-cuenca-tendra-continuidad-hasta-2028-con-casi-17-millones-y-premia-a-los-6-mejores-proyectos","status":"publish","type":"post","link":"https:\/\/ufilcuenca.es\/blog\/index.php\/2025\/12\/19\/ufil-cuenca-tendra-continuidad-hasta-2028-con-casi-17-millones-y-premia-a-los-6-mejores-proyectos\/","title":{"rendered":"UFIL Cuenca tendr\u00e1 continuidad hasta 2028 con casi 1,7 millones y premia a los 6 mejores proyectos"},"content":{"rendered":"\n<p><strong>Lo ha anunciado el alcalde de Cuenca, Dar\u00edo Dolz,\u00a0durante la jornada de cierre del ciclo 2024-2025, en la que se han entregado los premios a los proyectos m\u00e1s destacados de bioeconom\u00eda forestal de las dos promociones desarrolladas en este tiempo.<\/strong><\/p>\n\n\n\n<p>UFIL Cuenca, el Laboratorio Urbano en Bioeconom\u00eda Forestal (Urban Forest Innovation Lab), tendr\u00e1 continuidad. As\u00ed lo ha anunciado hoy el alcalde de Cuenca, Dar\u00edo Dolz, durante la jornada de cierre del ciclo 2024-2025, en la que se han entregado los premios a los proyectos m\u00e1s destacados de bioeconom\u00eda forestal de las dos promociones desarrolladas en este tiempo, la quinta y la sexta.&nbsp;&nbsp;<\/p>\n\n\n\n<p>Tal y como ha explicado Dolz, dicha continuidad se marca hasta 2028 gracias a nueva financiaci\u00f3n en el marco de la convocatoria de la Fundaci\u00f3n Biodiversidad para el apoyo a programas y proyectos de impulso a la bioeconom\u00eda cofinanciada por el Fondo Europeo de Desarrollo Regional (Feder). La ayuda concedida en su resoluci\u00f3n provisional al proyecto UFIL, que lidera el Ayuntamiento de Cuenca, es de 1.688.131 euros. \u201cUna nueva etapa que permitir\u00e1 dar seguimiento a las iniciativas actuales, incorporar nuevas l\u00edneas de trabajo y reforzar el ecosistema emprendedor que ha nacido en torno al bosque\u201d, ha se\u00f1alado el primer edil.<\/p>\n\n\n\n<p>En este acto, desarrollado en el Sal\u00f3n de Actos del Edificio Melchor Cano del Campus de la UCLM, adem\u00e1s del alcalde Dar\u00edo Dolz han participado el concejal responsable de UFIL, Juan Manuel Mart\u00ednez Melero; la subdelegada del Gobierno en Cuenca, Mari Luz Fern\u00e1ndez; el delegado provincial de Hacienda, Administraciones P\u00fablicas y Transformaci\u00f3n Digital, Ram\u00f3n P\u00e9rez Tornero; el vicerrector de Cultura, Deporte y Responsabilidad Social de la UCLM, C\u00e9sar S\u00e1nchez Mel\u00e9ndez; y la coordinadora de Proyectos de UFIL, Carmen Avil\u00e9s.&nbsp;<\/p>\n\n\n\n<p>El conjunto de los premios entregados ha alcanzado en su conjunto 60.000 euros para los seis proyectos m\u00e1s destacados de las dos \u00faltimas ediciones de UFIL, seleccionados por su innovaci\u00f3n, viabilidad e impacto en el territorio, y repartidos en dos de 15.000 euros, dos de 10.000 euros y dos de 5.000 euros:<\/p>\n\n\n\n<h2 class=\"wp-block-heading\"><strong>Premios 5\u00aa promoci\u00f3n<\/strong><\/h2>\n\n\n\n<p><strong>1\u00ba premio: El Laberinto del Quercus<\/strong>&nbsp;(Isabel Page y Sergio \u00c1vila). Laberinto forestal de bosque mixto compuesto por especies aut\u00f3ctonas que pone en el centro los servicios ecosist\u00e9micos y la biodiversidad. Ofrecer\u00e1 alternativas de ocio y juegos de escape con una app y realidad aumentada en un entorno natural.<\/p>\n\n\n\n<p><strong>2\u00ba premio: Casa en Kit. Sistema Constructivo Treehouses<\/strong>&nbsp;(Marcos Segura). Desarrollo de soluciones de vivienda en kit de f\u00e1cil montaje con criterios de sostenibilidad y cumplimiento normativo.<\/p>\n\n\n\n<p><strong>3\u00ba premio: Forest Inventory Carbon<\/strong>&nbsp;(Luis Lape\u00f1a y Pedro D\u00edaz). Software innovador de planificaci\u00f3n y gesti\u00f3n forestal sostenible aplicando inteligencia artificial y LiDAR terrestre m\u00f3vil.<\/p>\n\n\n\n<figure class=\"wp-block-gallery has-nested-images columns-default is-cropped wp-block-gallery-1 is-layout-flex wp-block-gallery-is-layout-flex\">\n<figure class=\"wp-block-image size-large\"><img loading=\"lazy\" decoding=\"async\" width=\"1024\" height=\"768\" data-id=\"1681\" src=\"https:\/\/ufilcuenca.es\/blog\/wp-content\/uploads\/2025\/12\/WhatsApp-Image-2025-12-18-at-13.35.46-1024x768.jpeg\" alt=\"\" class=\"wp-image-1681\" srcset=\"https:\/\/ufilcuenca.es\/blog\/wp-content\/uploads\/2025\/12\/WhatsApp-Image-2025-12-18-at-13.35.46-1024x768.jpeg 1024w, https:\/\/ufilcuenca.es\/blog\/wp-content\/uploads\/2025\/12\/WhatsApp-Image-2025-12-18-at-13.35.46-300x225.jpeg 300w, https:\/\/ufilcuenca.es\/blog\/wp-content\/uploads\/2025\/12\/WhatsApp-Image-2025-12-18-at-13.35.46-768x576.jpeg 768w, https:\/\/ufilcuenca.es\/blog\/wp-content\/uploads\/2025\/12\/WhatsApp-Image-2025-12-18-at-13.35.46-1536x1152.jpeg 1536w, https:\/\/ufilcuenca.es\/blog\/wp-content\/uploads\/2025\/12\/WhatsApp-Image-2025-12-18-at-13.35.46-1440x1080.jpeg 1440w, https:\/\/ufilcuenca.es\/blog\/wp-content\/uploads\/2025\/12\/WhatsApp-Image-2025-12-18-at-13.35.46.jpeg 2048w\" sizes=\"(max-width: 1024px) 100vw, 1024px\" \/><\/figure>\n\n\n\n<figure class=\"wp-block-image size-large\"><img loading=\"lazy\" decoding=\"async\" width=\"1024\" height=\"768\" data-id=\"1688\" src=\"https:\/\/ufilcuenca.es\/blog\/wp-content\/uploads\/2025\/12\/WhatsApp-Image-2025-12-18-at-14.17.29-4-1024x768.jpeg\" alt=\"\" class=\"wp-image-1688\" srcset=\"https:\/\/ufilcuenca.es\/blog\/wp-content\/uploads\/2025\/12\/WhatsApp-Image-2025-12-18-at-14.17.29-4-1024x768.jpeg 1024w, https:\/\/ufilcuenca.es\/blog\/wp-content\/uploads\/2025\/12\/WhatsApp-Image-2025-12-18-at-14.17.29-4-300x225.jpeg 300w, https:\/\/ufilcuenca.es\/blog\/wp-content\/uploads\/2025\/12\/WhatsApp-Image-2025-12-18-at-14.17.29-4-768x576.jpeg 768w, https:\/\/ufilcuenca.es\/blog\/wp-content\/uploads\/2025\/12\/WhatsApp-Image-2025-12-18-at-14.17.29-4-1536x1152.jpeg 1536w, https:\/\/ufilcuenca.es\/blog\/wp-content\/uploads\/2025\/12\/WhatsApp-Image-2025-12-18-at-14.17.29-4-2048x1536.jpeg 2048w, https:\/\/ufilcuenca.es\/blog\/wp-content\/uploads\/2025\/12\/WhatsApp-Image-2025-12-18-at-14.17.29-4-1440x1080.jpeg 1440w\" sizes=\"(max-width: 1024px) 100vw, 1024px\" \/><\/figure>\n\n\n\n<figure class=\"wp-block-image size-large\"><img loading=\"lazy\" decoding=\"async\" width=\"1024\" height=\"768\" data-id=\"1686\" src=\"https:\/\/ufilcuenca.es\/blog\/wp-content\/uploads\/2025\/12\/WhatsApp-Image-2025-12-18-at-14.17.30-1-1024x768.jpeg\" alt=\"\" class=\"wp-image-1686\" srcset=\"https:\/\/ufilcuenca.es\/blog\/wp-content\/uploads\/2025\/12\/WhatsApp-Image-2025-12-18-at-14.17.30-1-1024x768.jpeg 1024w, https:\/\/ufilcuenca.es\/blog\/wp-content\/uploads\/2025\/12\/WhatsApp-Image-2025-12-18-at-14.17.30-1-300x225.jpeg 300w, https:\/\/ufilcuenca.es\/blog\/wp-content\/uploads\/2025\/12\/WhatsApp-Image-2025-12-18-at-14.17.30-1-768x576.jpeg 768w, https:\/\/ufilcuenca.es\/blog\/wp-content\/uploads\/2025\/12\/WhatsApp-Image-2025-12-18-at-14.17.30-1-1536x1152.jpeg 1536w, https:\/\/ufilcuenca.es\/blog\/wp-content\/uploads\/2025\/12\/WhatsApp-Image-2025-12-18-at-14.17.30-1-2048x1536.jpeg 2048w, https:\/\/ufilcuenca.es\/blog\/wp-content\/uploads\/2025\/12\/WhatsApp-Image-2025-12-18-at-14.17.30-1-1440x1080.jpeg 1440w\" sizes=\"(max-width: 1024px) 100vw, 1024px\" \/><\/figure>\n<\/figure>\n\n\n\n<h2 class=\"wp-block-heading\"><strong>Premios 6\u00aa promoci\u00f3n<\/strong><\/h2>\n\n\n\n<p><strong>1\u00ba premio: Bi\u00f3nica Creative Biomaterials Lab<\/strong>&nbsp;(Abel Mart\u00ednez). Investigaci\u00f3n, desarrollo e innovaci\u00f3n especializada en la transformaci\u00f3n de residuos org\u00e1nicos e industriales en biomateriales avanzados 100% biodegradables.<\/p>\n\n\n\n<p><strong>2\u00ba premio:&nbsp;Fajinas Forestales Prefabricadas Biodegradables<\/strong>&nbsp;(Pedro Luis Pardo, Pedro Jos\u00e9 Pardo y Alejandro Tom\u00e1s Pardo). Soluci\u00f3n postincendios basada en materiales biodegradables para prevenir la erosi\u00f3n y favorecer la regeneraci\u00f3n natural.<\/p>\n\n\n\n<p><strong>3\u00ba premio: F\u00e9nix<\/strong>&nbsp;(Daniel Pinedo y Fernando Ortega). Proyecto de rehabilitaci\u00f3n de estructuras rurales abandonadas mediante materiales sostenibles para usos tur\u00edsticos y de ecoworking.<\/p>\n\n\n\n<figure class=\"wp-block-gallery has-nested-images columns-default is-cropped wp-block-gallery-2 is-layout-flex wp-block-gallery-is-layout-flex\">\n<figure class=\"wp-block-image size-large\"><img loading=\"lazy\" decoding=\"async\" width=\"1024\" height=\"768\" data-id=\"1685\" src=\"https:\/\/ufilcuenca.es\/blog\/wp-content\/uploads\/2025\/12\/WhatsApp-Image-2025-12-18-at-14.17.30-2-1024x768.jpeg\" alt=\"\" class=\"wp-image-1685\" srcset=\"https:\/\/ufilcuenca.es\/blog\/wp-content\/uploads\/2025\/12\/WhatsApp-Image-2025-12-18-at-14.17.30-2-1024x768.jpeg 1024w, https:\/\/ufilcuenca.es\/blog\/wp-content\/uploads\/2025\/12\/WhatsApp-Image-2025-12-18-at-14.17.30-2-300x225.jpeg 300w, https:\/\/ufilcuenca.es\/blog\/wp-content\/uploads\/2025\/12\/WhatsApp-Image-2025-12-18-at-14.17.30-2-768x576.jpeg 768w, https:\/\/ufilcuenca.es\/blog\/wp-content\/uploads\/2025\/12\/WhatsApp-Image-2025-12-18-at-14.17.30-2-1536x1152.jpeg 1536w, https:\/\/ufilcuenca.es\/blog\/wp-content\/uploads\/2025\/12\/WhatsApp-Image-2025-12-18-at-14.17.30-2-2048x1536.jpeg 2048w, https:\/\/ufilcuenca.es\/blog\/wp-content\/uploads\/2025\/12\/WhatsApp-Image-2025-12-18-at-14.17.30-2-1440x1080.jpeg 1440w\" sizes=\"(max-width: 1024px) 100vw, 1024px\" \/><\/figure>\n\n\n\n<figure class=\"wp-block-image size-large\"><img loading=\"lazy\" decoding=\"async\" width=\"1024\" height=\"768\" data-id=\"1687\" src=\"https:\/\/ufilcuenca.es\/blog\/wp-content\/uploads\/2025\/12\/WhatsApp-Image-2025-12-18-at-14.17.29-3-1024x768.jpeg\" alt=\"\" class=\"wp-image-1687\" srcset=\"https:\/\/ufilcuenca.es\/blog\/wp-content\/uploads\/2025\/12\/WhatsApp-Image-2025-12-18-at-14.17.29-3-1024x768.jpeg 1024w, https:\/\/ufilcuenca.es\/blog\/wp-content\/uploads\/2025\/12\/WhatsApp-Image-2025-12-18-at-14.17.29-3-300x225.jpeg 300w, https:\/\/ufilcuenca.es\/blog\/wp-content\/uploads\/2025\/12\/WhatsApp-Image-2025-12-18-at-14.17.29-3-768x576.jpeg 768w, https:\/\/ufilcuenca.es\/blog\/wp-content\/uploads\/2025\/12\/WhatsApp-Image-2025-12-18-at-14.17.29-3-1536x1152.jpeg 1536w, https:\/\/ufilcuenca.es\/blog\/wp-content\/uploads\/2025\/12\/WhatsApp-Image-2025-12-18-at-14.17.29-3-2048x1536.jpeg 2048w, https:\/\/ufilcuenca.es\/blog\/wp-content\/uploads\/2025\/12\/WhatsApp-Image-2025-12-18-at-14.17.29-3-1440x1080.jpeg 1440w\" sizes=\"(max-width: 1024px) 100vw, 1024px\" \/><\/figure>\n\n\n\n<figure class=\"wp-block-image size-large\"><img loading=\"lazy\" decoding=\"async\" width=\"1024\" height=\"768\" data-id=\"1684\" src=\"https:\/\/ufilcuenca.es\/blog\/wp-content\/uploads\/2025\/12\/WhatsApp-Image-2025-12-18-at-14.17.30-1024x768.jpeg\" alt=\"\" class=\"wp-image-1684\" srcset=\"https:\/\/ufilcuenca.es\/blog\/wp-content\/uploads\/2025\/12\/WhatsApp-Image-2025-12-18-at-14.17.30-1024x768.jpeg 1024w, https:\/\/ufilcuenca.es\/blog\/wp-content\/uploads\/2025\/12\/WhatsApp-Image-2025-12-18-at-14.17.30-300x225.jpeg 300w, https:\/\/ufilcuenca.es\/blog\/wp-content\/uploads\/2025\/12\/WhatsApp-Image-2025-12-18-at-14.17.30-768x576.jpeg 768w, https:\/\/ufilcuenca.es\/blog\/wp-content\/uploads\/2025\/12\/WhatsApp-Image-2025-12-18-at-14.17.30-1536x1152.jpeg 1536w, https:\/\/ufilcuenca.es\/blog\/wp-content\/uploads\/2025\/12\/WhatsApp-Image-2025-12-18-at-14.17.30-2048x1536.jpeg 2048w, https:\/\/ufilcuenca.es\/blog\/wp-content\/uploads\/2025\/12\/WhatsApp-Image-2025-12-18-at-14.17.30-1440x1080.jpeg 1440w\" sizes=\"(max-width: 1024px) 100vw, 1024px\" \/><\/figure>\n<\/figure>\n\n\n\n<h2 class=\"wp-block-heading\"><strong>Proyecci\u00f3n internacional de UFIL: Universidad Johns Hopkins<\/strong><\/h2>\n\n\n\n<p>El proyecto UFIL est\u00e1 adem\u00e1s calando a nivel internacional puesto que \u201cen enero tendremos una estancia de profesorado y alumnado del M\u00e1ster de Ciencia y Emprendimiento en Biotecnolog\u00eda de la Universidad Johns Hopkins que van a venir a desarrollar modelos de ampliaci\u00f3n de algunas empresas que han querido adherirse y que han salido de UFIL a Estados Unidos y que tienen que ver con gesti\u00f3n forestal y nuevos productos\u201d, seg\u00fan ha explicado el vicerrector de Cultura, Deporte y Responsabilidad Social de la UCLM, C\u00e9sar S\u00e1nchez Mel\u00e9ndez.&nbsp;<\/p>\n\n\n\n<p>\u201cEs una actividad acad\u00e9mica de su propia universidad, pero les va a permitir tener esa ampliaci\u00f3n de modelo de negocio al \u00e1mbito norteamericano y es una oportunidad para estas empresas que, adem\u00e1s, han sido seleccionadas por la propia universidad y por tanto ya tienen un poso importante, adem\u00e1s de que es una proyecci\u00f3n internacional para el proyecto UFIL y para la ciudad de Cuenca tremendamente interesante\u201d, ha concluido.&nbsp;<\/p>\n\n\n\n<h2 class=\"wp-block-heading\"><strong>Etapa 2024-2025<\/strong><\/h2>\n\n\n\n<p>Adem\u00e1s de los proyectos premiados, hay que destacar el conjunto de iniciativas desarrolladas en la quinta y sexta edici\u00f3n, que reflejan la diversidad y el potencial de la bioeconom\u00eda forestal como motor de desarrollo rural, con propuestas que combinan sostenibilidad, innovaci\u00f3n y desarrollo rural desde enfoques muy variados.<\/p>\n\n\n\n<p>Esta iniciativa, impulsada por el Ayuntamiento de Cuenca y financiada durante los dos \u00faltimos a\u00f1os por la Fundaci\u00f3n Biodiversidad del Ministerio para la Transici\u00f3n Ecol\u00f3gica y el Reto Demogr\u00e1fico (Miteco) a trav\u00e9s del Plan de Recuperaci\u00f3n, Transformaci\u00f3n y Resiliencia \u2013 NextGenerationEU, ha contribuido desde 2019 al desarrollo sostenible del territorio, la dinamizaci\u00f3n del medio rural y la creaci\u00f3n de un ecosistema de emprendimiento vinculado al bosque y su gesti\u00f3n responsable.<\/p>\n\n\n\n<p>Concluye as\u00ed una etapa decisiva para UFIL, que en este \u00faltimo ciclo ha consolidado su papel como referente nacional en la promoci\u00f3n de iniciativas forestales sostenibles. Entre 2024 y 2025, el laboratorio ha ofrecido formaci\u00f3n especializada, acompa\u00f1amiento t\u00e9cnico y un entorno propicio para el desarrollo de ideas innovadoras, incubando&nbsp;23 proyectos&nbsp;con un fuerte componente ambiental, social y territorial, muchos de los cuales ya se encuentran en fase avanzada o en proceso de implementaci\u00f3n en el mercado.<\/p>\n\n\n\n<p>\u201cUFIL ha demostrado que la bioeconom\u00eda forestal es un sector que puede generar oportunidades de innovaci\u00f3n para j\u00f3venes emprendedores que se quieren establecer en el medio rural\u201d, ha se\u00f1alado Dar\u00edo Dolz. \u201cDesde 2019 se han formado 140 emprendedores y emprendedoras impulsando unas 70 iniciativas empresariales y consolidando la creaci\u00f3n de m\u00e1s de 20 empresas vinculadas a los bosques, algunas de las cuales ya han comenzado a contratar personal t\u00e9cnico, lo que demuestra el impacto real del programa en la creaci\u00f3n de empleo especializado.\u201d<\/p>\n\n\n\n<p>El impacto del proyecto trasciende la incubaci\u00f3n de iniciativas emprendedores. Entre las nuevas l\u00edneas de trabajo de UFIL destaca el fomento de la selvicultura activa y la movilizaci\u00f3n de recursos, adem\u00e1s de la puesta en marcha de procesos de constituci\u00f3n de&nbsp;asociaciones de propietarios forestales&nbsp;en distintos municipios conquenses, iniciativa pionera que refuerza la colaboraci\u00f3n local en la gesti\u00f3n de los recursos forestales.&nbsp;<\/p>\n\n\n\n<p>Durante estos dos a\u00f1os, UFIL ha organizado un amplio abanico de actividades, desde formaciones t\u00e9cnicas especializadas en truficultura, constucci\u00f3n con madera, quemas prescritas y otros aspectos de la bioeconom\u00eda, hasta programas de educaci\u00f3n ambiental orientados a escolares y colectivos sociales. Asimismo, el proyecto ha trabajado activamente en la puesta en valor de los servicios ecosist\u00e9micos, colaborando con instituciones, expertos y propietarios forestales para avanzar en el desarrollo de metodolog\u00edas y casos pr\u00e1cticos que permitan reconocer el valor ambiental y social que generan los bosques.&nbsp;<\/p>\n","protected":false},"excerpt":{"rendered":"<p>Lo ha anunciado el alcalde de Cuenca, Dar\u00edo Dolz,\u00a0durante la jornada de cierre del ciclo 2024-2025, en la que se han entregado los premios a los proyectos m\u00e1s destacados de bioeconom\u00eda forestal de las dos promociones desarrolladas en este tiempo. UFIL Cuenca, el Laboratorio Urbano en Bioeconom\u00eda Forestal (Urban Forest Innovation Lab), tendr\u00e1 continuidad. As\u00ed [&hellip;]<\/p>\n","protected":false},"author":3,"featured_media":1689,"comment_status":"open","ping_status":"open","sticky":false,"template":"","format":"standard","meta":{"saved_in_kubio":false,"twitterCardType":"","cardImageID":0,"cardImage":"","cardTitle":"","cardDesc":"","cardImageAlt":"","cardPlayer":"","cardPlayerWidth":0,"cardPlayerHeight":0,"cardPlayerStream":"","cardPlayerCodec":"","footnotes":""},"categories":[5],"tags":[],"class_list":["post-1680","post","type-post","status-publish","format-standard","has-post-thumbnail","hentry","category-actualidad"],"yoast_head":"<!-- This site is optimized with the Yoast SEO plugin v23.1 - https:\/\/yoast.com\/wordpress\/plugins\/seo\/ -->\n<title>UFIL Cuenca tendr\u00e1 continuidad hasta 2028 con casi 1,7 millones y premia a los 6 mejores proyectos - Blog \/ Noticias<\/title>\n<meta name=\"robots\" content=\"index, follow, max-snippet:-1, max-image-preview:large, max-video-preview:-1\" \/>\n<link rel=\"canonical\" href=\"https:\/\/ufilcuenca.es\/blog\/index.php\/2025\/12\/19\/ufil-cuenca-tendra-continuidad-hasta-2028-con-casi-17-millones-y-premia-a-los-6-mejores-proyectos\/\" \/>\n<meta property=\"og:locale\" content=\"es_ES\" \/>\n<meta property=\"og:type\" content=\"article\" \/>\n<meta property=\"og:title\" content=\"UFIL Cuenca tendr\u00e1 continuidad hasta 2028 con casi 1,7 millones y premia a los 6 mejores proyectos - Blog \/ Noticias\" \/>\n<meta property=\"og:description\" content=\"Lo ha anunciado el alcalde de Cuenca, Dar\u00edo Dolz,\u00a0durante la jornada de cierre del ciclo 2024-2025, en la que se han entregado los premios a los proyectos m\u00e1s destacados de bioeconom\u00eda forestal de las dos promociones desarrolladas en este tiempo. UFIL Cuenca, el Laboratorio Urbano en Bioeconom\u00eda Forestal (Urban Forest Innovation Lab), tendr\u00e1 continuidad. As\u00ed [&hellip;]\" \/>\n<meta property=\"og:url\" content=\"https:\/\/ufilcuenca.es\/blog\/index.php\/2025\/12\/19\/ufil-cuenca-tendra-continuidad-hasta-2028-con-casi-17-millones-y-premia-a-los-6-mejores-proyectos\/\" \/>\n<meta property=\"og:site_name\" content=\"Blog \/ Noticias\" \/>\n<meta property=\"article:author\" content=\"https:\/\/www.facebook.com\/UFILCuenca\/\" \/>\n<meta property=\"article:published_time\" content=\"2025-12-19T11:55:39+00:00\" \/>\n<meta property=\"article:modified_time\" content=\"2025-12-19T11:55:42+00:00\" \/>\n<meta property=\"og:image\" content=\"https:\/\/ufilcuenca.es\/blog\/wp-content\/uploads\/2025\/12\/WhatsApp-Image-2025-12-18-at-14.17.29-2.jpeg\" \/>\n\t<meta property=\"og:image:width\" content=\"2560\" \/>\n\t<meta property=\"og:image:height\" content=\"1920\" \/>\n\t<meta property=\"og:image:type\" content=\"image\/jpeg\" \/>\n<meta name=\"author\" content=\"Ufil Cuenca\" \/>\n<meta name=\"twitter:card\" content=\"summary_large_image\" \/>\n<meta name=\"twitter:creator\" content=\"@ufil_cuenca\" \/>\n<meta name=\"twitter:label1\" content=\"Escrito por\" \/>\n\t<meta name=\"twitter:data1\" content=\"Ufil Cuenca\" \/>\n\t<meta name=\"twitter:label2\" content=\"Tiempo de lectura\" \/>\n\t<meta name=\"twitter:data2\" content=\"7 minutos\" \/>\n<script type=\"application\/ld+json\" class=\"yoast-schema-graph\">{\"@context\":\"https:\/\/schema.org\",\"@graph\":[{\"@type\":\"WebPage\",\"@id\":\"https:\/\/ufilcuenca.es\/blog\/index.php\/2025\/12\/19\/ufil-cuenca-tendra-continuidad-hasta-2028-con-casi-17-millones-y-premia-a-los-6-mejores-proyectos\/\",\"url\":\"https:\/\/ufilcuenca.es\/blog\/index.php\/2025\/12\/19\/ufil-cuenca-tendra-continuidad-hasta-2028-con-casi-17-millones-y-premia-a-los-6-mejores-proyectos\/\",\"name\":\"UFIL Cuenca tendr\u00e1 continuidad hasta 2028 con casi 1,7 millones y premia a los 6 mejores proyectos - Blog \/ Noticias\",\"isPartOf\":{\"@id\":\"https:\/\/ufilcuenca.es\/blog\/#website\"},\"primaryImageOfPage\":{\"@id\":\"https:\/\/ufilcuenca.es\/blog\/index.php\/2025\/12\/19\/ufil-cuenca-tendra-continuidad-hasta-2028-con-casi-17-millones-y-premia-a-los-6-mejores-proyectos\/#primaryimage\"},\"image\":{\"@id\":\"https:\/\/ufilcuenca.es\/blog\/index.php\/2025\/12\/19\/ufil-cuenca-tendra-continuidad-hasta-2028-con-casi-17-millones-y-premia-a-los-6-mejores-proyectos\/#primaryimage\"},\"thumbnailUrl\":\"https:\/\/ufilcuenca.es\/blog\/wp-content\/uploads\/2025\/12\/WhatsApp-Image-2025-12-18-at-14.17.29-2.jpeg\",\"datePublished\":\"2025-12-19T11:55:39+00:00\",\"dateModified\":\"2025-12-19T11:55:42+00:00\",\"author\":{\"@id\":\"https:\/\/ufilcuenca.es\/blog\/#\/schema\/person\/b50b1d9c77427f876f25c903f17348b1\"},\"breadcrumb\":{\"@id\":\"https:\/\/ufilcuenca.es\/blog\/index.php\/2025\/12\/19\/ufil-cuenca-tendra-continuidad-hasta-2028-con-casi-17-millones-y-premia-a-los-6-mejores-proyectos\/#breadcrumb\"},\"inLanguage\":\"es\",\"potentialAction\":[{\"@type\":\"ReadAction\",\"target\":[\"https:\/\/ufilcuenca.es\/blog\/index.php\/2025\/12\/19\/ufil-cuenca-tendra-continuidad-hasta-2028-con-casi-17-millones-y-premia-a-los-6-mejores-proyectos\/\"]}]},{\"@type\":\"ImageObject\",\"inLanguage\":\"es\",\"@id\":\"https:\/\/ufilcuenca.es\/blog\/index.php\/2025\/12\/19\/ufil-cuenca-tendra-continuidad-hasta-2028-con-casi-17-millones-y-premia-a-los-6-mejores-proyectos\/#primaryimage\",\"url\":\"https:\/\/ufilcuenca.es\/blog\/wp-content\/uploads\/2025\/12\/WhatsApp-Image-2025-12-18-at-14.17.29-2.jpeg\",\"contentUrl\":\"https:\/\/ufilcuenca.es\/blog\/wp-content\/uploads\/2025\/12\/WhatsApp-Image-2025-12-18-at-14.17.29-2.jpeg\",\"width\":2560,\"height\":1920},{\"@type\":\"BreadcrumbList\",\"@id\":\"https:\/\/ufilcuenca.es\/blog\/index.php\/2025\/12\/19\/ufil-cuenca-tendra-continuidad-hasta-2028-con-casi-17-millones-y-premia-a-los-6-mejores-proyectos\/#breadcrumb\",\"itemListElement\":[{\"@type\":\"ListItem\",\"position\":1,\"name\":\"Home\",\"item\":\"https:\/\/ufilcuenca.es\/blog\/\"},{\"@type\":\"ListItem\",\"position\":2,\"name\":\"UFIL Cuenca tendr\u00e1 continuidad hasta 2028 con casi 1,7 millones y premia a los 6 mejores proyectos\"}]},{\"@type\":\"WebSite\",\"@id\":\"https:\/\/ufilcuenca.es\/blog\/#website\",\"url\":\"https:\/\/ufilcuenca.es\/blog\/\",\"name\":\"Blog \/ Noticias\",\"description\":\"\",\"potentialAction\":[{\"@type\":\"SearchAction\",\"target\":{\"@type\":\"EntryPoint\",\"urlTemplate\":\"https:\/\/ufilcuenca.es\/blog\/?s={search_term_string}\"},\"query-input\":\"required name=search_term_string\"}],\"inLanguage\":\"es\"},{\"@type\":\"Person\",\"@id\":\"https:\/\/ufilcuenca.es\/blog\/#\/schema\/person\/b50b1d9c77427f876f25c903f17348b1\",\"name\":\"Ufil Cuenca\",\"image\":{\"@type\":\"ImageObject\",\"inLanguage\":\"es\",\"@id\":\"https:\/\/ufilcuenca.es\/blog\/#\/schema\/person\/image\/\",\"url\":\"https:\/\/secure.gravatar.com\/avatar\/1df295e8b00886dee65c2431e58344ff?s=96&d=mm&r=g\",\"contentUrl\":\"https:\/\/secure.gravatar.com\/avatar\/1df295e8b00886dee65c2431e58344ff?s=96&d=mm&r=g\",\"caption\":\"Ufil Cuenca\"},\"sameAs\":[\"https:\/\/www.cuenca.es\/\",\"https:\/\/www.facebook.com\/UFILCuenca\/\",\"https:\/\/www.instagram.com\/ufilcuenca\/\",\"https:\/\/www.linkedin.com\/company\/ufil-cuenca\/\",\"https:\/\/x.com\/ufil_cuenca\",\"https:\/\/www.youtube.com\/channel\/UCPq21WAWAoLfnRpGMp0q-5g\"],\"url\":\"https:\/\/ufilcuenca.es\/blog\/index.php\/author\/ufil-cuenca\/\"}]}<\/script>\n<!-- \/ Yoast SEO plugin. -->","yoast_head_json":{"title":"UFIL Cuenca tendr\u00e1 continuidad hasta 2028 con casi 1,7 millones y premia a los 6 mejores proyectos - Blog \/ Noticias","robots":{"index":"index","follow":"follow","max-snippet":"max-snippet:-1","max-image-preview":"max-image-preview:large","max-video-preview":"max-video-preview:-1"},"canonical":"https:\/\/ufilcuenca.es\/blog\/index.php\/2025\/12\/19\/ufil-cuenca-tendra-continuidad-hasta-2028-con-casi-17-millones-y-premia-a-los-6-mejores-proyectos\/","og_locale":"es_ES","og_type":"article","og_title":"UFIL Cuenca tendr\u00e1 continuidad hasta 2028 con casi 1,7 millones y premia a los 6 mejores proyectos - Blog \/ Noticias","og_description":"Lo ha anunciado el alcalde de Cuenca, Dar\u00edo Dolz,\u00a0durante la jornada de cierre del ciclo 2024-2025, en la que se han entregado los premios a los proyectos m\u00e1s destacados de bioeconom\u00eda forestal de las dos promociones desarrolladas en este tiempo. UFIL Cuenca, el Laboratorio Urbano en Bioeconom\u00eda Forestal (Urban Forest Innovation Lab), tendr\u00e1 continuidad. As\u00ed [&hellip;]","og_url":"https:\/\/ufilcuenca.es\/blog\/index.php\/2025\/12\/19\/ufil-cuenca-tendra-continuidad-hasta-2028-con-casi-17-millones-y-premia-a-los-6-mejores-proyectos\/","og_site_name":"Blog \/ Noticias","article_author":"https:\/\/www.facebook.com\/UFILCuenca\/","article_published_time":"2025-12-19T11:55:39+00:00","article_modified_time":"2025-12-19T11:55:42+00:00","og_image":[{"width":2560,"height":1920,"url":"https:\/\/ufilcuenca.es\/blog\/wp-content\/uploads\/2025\/12\/WhatsApp-Image-2025-12-18-at-14.17.29-2.jpeg","type":"image\/jpeg"}],"author":"Ufil Cuenca","twitter_card":"summary_large_image","twitter_creator":"@ufil_cuenca","twitter_misc":{"Escrito por":"Ufil Cuenca","Tiempo de lectura":"7 minutos"},"schema":{"@context":"https:\/\/schema.org","@graph":[{"@type":"WebPage","@id":"https:\/\/ufilcuenca.es\/blog\/index.php\/2025\/12\/19\/ufil-cuenca-tendra-continuidad-hasta-2028-con-casi-17-millones-y-premia-a-los-6-mejores-proyectos\/","url":"https:\/\/ufilcuenca.es\/blog\/index.php\/2025\/12\/19\/ufil-cuenca-tendra-continuidad-hasta-2028-con-casi-17-millones-y-premia-a-los-6-mejores-proyectos\/","name":"UFIL Cuenca tendr\u00e1 continuidad hasta 2028 con casi 1,7 millones y premia a los 6 mejores proyectos - Blog \/ Noticias","isPartOf":{"@id":"https:\/\/ufilcuenca.es\/blog\/#website"},"primaryImageOfPage":{"@id":"https:\/\/ufilcuenca.es\/blog\/index.php\/2025\/12\/19\/ufil-cuenca-tendra-continuidad-hasta-2028-con-casi-17-millones-y-premia-a-los-6-mejores-proyectos\/#primaryimage"},"image":{"@id":"https:\/\/ufilcuenca.es\/blog\/index.php\/2025\/12\/19\/ufil-cuenca-tendra-continuidad-hasta-2028-con-casi-17-millones-y-premia-a-los-6-mejores-proyectos\/#primaryimage"},"thumbnailUrl":"https:\/\/ufilcuenca.es\/blog\/wp-content\/uploads\/2025\/12\/WhatsApp-Image-2025-12-18-at-14.17.29-2.jpeg","datePublished":"2025-12-19T11:55:39+00:00","dateModified":"2025-12-19T11:55:42+00:00","author":{"@id":"https:\/\/ufilcuenca.es\/blog\/#\/schema\/person\/b50b1d9c77427f876f25c903f17348b1"},"breadcrumb":{"@id":"https:\/\/ufilcuenca.es\/blog\/index.php\/2025\/12\/19\/ufil-cuenca-tendra-continuidad-hasta-2028-con-casi-17-millones-y-premia-a-los-6-mejores-proyectos\/#breadcrumb"},"inLanguage":"es","potentialAction":[{"@type":"ReadAction","target":["https:\/\/ufilcuenca.es\/blog\/index.php\/2025\/12\/19\/ufil-cuenca-tendra-continuidad-hasta-2028-con-casi-17-millones-y-premia-a-los-6-mejores-proyectos\/"]}]},{"@type":"ImageObject","inLanguage":"es","@id":"https:\/\/ufilcuenca.es\/blog\/index.php\/2025\/12\/19\/ufil-cuenca-tendra-continuidad-hasta-2028-con-casi-17-millones-y-premia-a-los-6-mejores-proyectos\/#primaryimage","url":"https:\/\/ufilcuenca.es\/blog\/wp-content\/uploads\/2025\/12\/WhatsApp-Image-2025-12-18-at-14.17.29-2.jpeg","contentUrl":"https:\/\/ufilcuenca.es\/blog\/wp-content\/uploads\/2025\/12\/WhatsApp-Image-2025-12-18-at-14.17.29-2.jpeg","width":2560,"height":1920},{"@type":"BreadcrumbList","@id":"https:\/\/ufilcuenca.es\/blog\/index.php\/2025\/12\/19\/ufil-cuenca-tendra-continuidad-hasta-2028-con-casi-17-millones-y-premia-a-los-6-mejores-proyectos\/#breadcrumb","itemListElement":[{"@type":"ListItem","position":1,"name":"Home","item":"https:\/\/ufilcuenca.es\/blog\/"},{"@type":"ListItem","position":2,"name":"UFIL Cuenca tendr\u00e1 continuidad hasta 2028 con casi 1,7 millones y premia a los 6 mejores proyectos"}]},{"@type":"WebSite","@id":"https:\/\/ufilcuenca.es\/blog\/#website","url":"https:\/\/ufilcuenca.es\/blog\/","name":"Blog \/ Noticias","description":"","potentialAction":[{"@type":"SearchAction","target":{"@type":"EntryPoint","urlTemplate":"https:\/\/ufilcuenca.es\/blog\/?s={search_term_string}"},"query-input":"required name=search_term_string"}],"inLanguage":"es"},{"@type":"Person","@id":"https:\/\/ufilcuenca.es\/blog\/#\/schema\/person\/b50b1d9c77427f876f25c903f17348b1","name":"Ufil Cuenca","image":{"@type":"ImageObject","inLanguage":"es","@id":"https:\/\/ufilcuenca.es\/blog\/#\/schema\/person\/image\/","url":"https:\/\/secure.gravatar.com\/avatar\/1df295e8b00886dee65c2431e58344ff?s=96&d=mm&r=g","contentUrl":"https:\/\/secure.gravatar.com\/avatar\/1df295e8b00886dee65c2431e58344ff?s=96&d=mm&r=g","caption":"Ufil Cuenca"},"sameAs":["https:\/\/www.cuenca.es\/","https:\/\/www.facebook.com\/UFILCuenca\/","https:\/\/www.instagram.com\/ufilcuenca\/","https:\/\/www.linkedin.com\/company\/ufil-cuenca\/","https:\/\/x.com\/ufil_cuenca","https:\/\/www.youtube.com\/channel\/UCPq21WAWAoLfnRpGMp0q-5g"],"url":"https:\/\/ufilcuenca.es\/blog\/index.php\/author\/ufil-cuenca\/"}]}},"_links":{"self":[{"href":"https:\/\/ufilcuenca.es\/blog\/index.php\/wp-json\/wp\/v2\/posts\/1680"}],"collection":[{"href":"https:\/\/ufilcuenca.es\/blog\/index.php\/wp-json\/wp\/v2\/posts"}],"about":[{"href":"https:\/\/ufilcuenca.es\/blog\/index.php\/wp-json\/wp\/v2\/types\/post"}],"author":[{"embeddable":true,"href":"https:\/\/ufilcuenca.es\/blog\/index.php\/wp-json\/wp\/v2\/users\/3"}],"replies":[{"embeddable":true,"href":"https:\/\/ufilcuenca.es\/blog\/index.php\/wp-json\/wp\/v2\/comments?post=1680"}],"version-history":[{"count":1,"href":"https:\/\/ufilcuenca.es\/blog\/index.php\/wp-json\/wp\/v2\/posts\/1680\/revisions"}],"predecessor-version":[{"id":1690,"href":"https:\/\/ufilcuenca.es\/blog\/index.php\/wp-json\/wp\/v2\/posts\/1680\/revisions\/1690"}],"wp:featuredmedia":[{"embeddable":true,"href":"https:\/\/ufilcuenca.es\/blog\/index.php\/wp-json\/wp\/v2\/media\/1689"}],"wp:attachment":[{"href":"https:\/\/ufilcuenca.es\/blog\/index.php\/wp-json\/wp\/v2\/media?parent=1680"}],"wp:term":[{"taxonomy":"category","embeddable":true,"href":"https:\/\/ufilcuenca.es\/blog\/index.php\/wp-json\/wp\/v2\/categories?post=1680"},{"taxonomy":"post_tag","embeddable":true,"href":"https:\/\/ufilcuenca.es\/blog\/index.php\/wp-json\/wp\/v2\/tags?post=1680"}],"curies":[{"name":"wp","href":"https:\/\/api.w.org\/{rel}","templated":true}]}}